[{"command":"settings","settings":{"pluralDelimiter":"\u0003","suppressDeprecationErrors":true,"ajaxPageState":{"libraries":"eJxLqcxLzM1Mjk_NK8ksqYzPySwu0S_OyC-Pz80vSgUAtBcL_w","theme":"ivory","theme_token":null},"ajaxTrustedUrl":[],"user":{"uid":0,"permissionsHash":"9c975576f1b96e43d31b3ff34c1ca6b53b6096ff14d83974ef00f2d68011e8fb"}},"merge":true},{"command":"add_css","data":[{"rel":"stylesheet","media":"all","href":"\/core\/themes\/stable9\/css\/core\/components\/progress.module.css?te7139"},{"rel":"stylesheet","media":"all","href":"\/core\/themes\/stable9\/css\/core\/components\/ajax-progress.module.css?te7139"},{"rel":"stylesheet","media":"all","href":"\/themes\/contrib\/gin\/dist\/css\/components\/ajax.css?te7139"}]},{"command":"add_js","selector":"body","data":[{"src":"\/core\/assets\/vendor\/jquery\/jquery.min.js?v=4.0.0"},{"src":"\/sites\/default\/files\/js\/js_xuQfo2yxNI7Eia8tABzzENrPHh8Mtj1ZP4FittwGxLA.js?scope=footer\u0026delta=1\u0026language=de-dms\u0026theme=ivory\u0026include=eJxLqcxLzM1Mjk_NK8ksqYzPySwu0S_OyC-Pz80vSgUAtBcL_w"}]},{"command":"showMoreTeasers","id":"del--paragraph-567639","content":"\u003Ca href=\u0022\/berichte-informationen\/behandlung-der-odontogenen-sinusitis-maxillaris\u0022  class=\u0022teaser teaser--standard-no-image\u0022 aria-label=\u0022Behandlung der odontogenen Sinusitis maxillaris\u0022\u003E\n      \u003Cdiv class=\u0022teaser-content\u0022\u003E\n                    \u003Cdiv class=\u0022teaser-content--kicker\u0022\u003E\n                    \n        \u003C\/div\u003E\n                                              \n                        \n        \u003Ch4 class=\u0022teaser-content--headline\u0022\u003E\n                                Behandlung der odontogenen Sinusitis \n                              \u003Cspan class=\u0022headline-last-word-arrow\u0022\u003Emaxillaris                      \u003C\/span\u003E\n        \u003C\/h4\u003E\n            \u003Cdiv class=\u0022teaser-content--publishing-date\u0022\u003E\u003Ctime datetime=\u00222026-04-30T22:00:06Z\u0022\u003E01.05.2026\u003C\/time\u003E\n\u003C\/div\u003E\u003Cspan class=\u0022teaser-content--publishing-date-divider\u0022\u003E - \u003C\/span\u003E\u003Cdiv class=\u0022teaser-content--body\u0022\u003E\u003Cp\u003EBei Vorliegen eines komplizierten Verlaufs einer Sinusitis sollte immer an eine odontogene Ursache gedacht werden, da es sich um die wahrscheinlichste Ursache handelt, erkl\u00e4rte Michael Krimmel von der Klinik und Poliklinik f\u00fcr Mund-, Kiefer und Gesichtschirurgie am Universit\u00e4tsklinikum T\u00fcbingen auf dem 17. MKG-Update-Seminar am 30. und 31. Januar 2026 in Wiesbaden. In solchen F\u00e4llen sollte immer eine \u00dcberweisung in eine station\u00e4re Einrichtung erfolgen.\u003C\/p\u003E\n\u003C\/div\u003E\n                        \u003Cspan class=\u0022read-more-arrow-container\u0022\u003E\n          \u003Cspan class=\u0022read-more-angled-arrow\u0022\u003E \u003C\/span\u003E\n        \u003C\/span\u003E\n                  \u003C\/div\u003E\n    \u003C\/a\u003E\n\u003Ca href=\u0022\/berichte-informationen\/unterkieferfrakturen-nach-zahnextraktion\u0022  class=\u0022teaser teaser--standard-no-image\u0022 aria-label=\u0022Unterkieferfrakturen nach Zahnextraktion\u0022\u003E\n      \u003Cdiv class=\u0022teaser-content\u0022\u003E\n                    \u003Cdiv class=\u0022teaser-content--kicker\u0022\u003E\n                    \n        \u003C\/div\u003E\n                                              \n                        \n        \u003Ch4 class=\u0022teaser-content--headline\u0022\u003E\n                                Unterkieferfrakturen nach \n                              \u003Cspan class=\u0022headline-last-word-arrow\u0022\u003EZahnextraktion                      \u003C\/span\u003E\n        \u003C\/h4\u003E\n            \u003Cdiv class=\u0022teaser-content--publishing-date\u0022\u003E\u003Ctime datetime=\u00222026-04-27T22:00:05Z\u0022\u003E28.04.2026\u003C\/time\u003E\n\u003C\/div\u003E\u003Cspan class=\u0022teaser-content--publishing-date-divider\u0022\u003E - \u003C\/span\u003E\u003Cdiv class=\u0022teaser-content--body\u0022\u003E\u003Cp\u003EZu Unterkieferfrakturen nach der Entfernung unterer Weisheitsz\u00e4hne kommt es insbesondere bei stark retinierten dritten Molaren, berichtete Katja Nelson von der Klinik f\u00fcr Mund-, Kiefer- und Gesichtschirurgie am Universit\u00e4tsklinikum Freiburg auf dem 17. MKG-Update-Seminar am 30. und 31. Januar 2026 in Wiesbaden.\u003C\/p\u003E\n\u003C\/div\u003E\n                        \u003Cspan class=\u0022read-more-arrow-container\u0022\u003E\n          \u003Cspan class=\u0022read-more-angled-arrow\u0022\u003E \u003C\/span\u003E\n        \u003C\/span\u003E\n                  \u003C\/div\u003E\n    \u003C\/a\u003E\n\u003Ca href=\u0022\/berichte-informationen\/aktuelles-konzept-der-versorgung-panfazialer-frakturen\u0022  class=\u0022teaser teaser--standard-no-image\u0022 aria-label=\u0022Aktuelles Konzept der Versorgung panfazialer Frakturen\u0022\u003E\n      \u003Cdiv class=\u0022teaser-content\u0022\u003E\n                    \u003Cdiv class=\u0022teaser-content--kicker\u0022\u003E\n                    \n        \u003C\/div\u003E\n                                              \n                        \n        \u003Ch4 class=\u0022teaser-content--headline\u0022\u003E\n                                Aktuelles Konzept der Versorgung panfazialer \n                              \u003Cspan class=\u0022headline-last-word-arrow\u0022\u003EFrakturen                      \u003C\/span\u003E\n        \u003C\/h4\u003E\n            \u003Cdiv class=\u0022teaser-content--publishing-date\u0022\u003E\u003Ctime datetime=\u00222026-04-23T22:00:06Z\u0022\u003E24.04.2026\u003C\/time\u003E\n\u003C\/div\u003E\u003Cspan class=\u0022teaser-content--publishing-date-divider\u0022\u003E - \u003C\/span\u003E\u003Cdiv class=\u0022teaser-content--body\u0022\u003E\u003Cp\u003E\u00dcber einen in den letzten Jahren erfolgten Paradigmenwechsel in der Versorgung panfazialer Frakturen berichtete Andreas Neff von der Klinik und Poliklinik f\u00fcr Mund-, Kiefer- und plastische Gesichtschirurgie an der Universit\u00e4t Marburg auf dem 17. MKG-Update-Seminar am 30. und 31. Januar 2026 in Wiesbaden.\u003C\/p\u003E\n\u003C\/div\u003E\n                        \u003Cspan class=\u0022read-more-arrow-container\u0022\u003E\n          \u003Cspan class=\u0022read-more-angled-arrow\u0022\u003E \u003C\/span\u003E\n        \u003C\/span\u003E\n                  \u003C\/div\u003E\n    \u003C\/a\u003E\n\u003Ca href=\u0022\/berichte-informationen\/cannabis-evaluation-fachgesellschaften-widersprechen-positiver-bewertung\u0022  class=\u0022teaser teaser--standard-no-image\u0022 aria-label=\u0022Cannabis-Evaluation: Fachgesellschaften widersprechen positiver Bewertung\u0022\u003E\n      \u003Cdiv class=\u0022teaser-content\u0022\u003E\n                    \u003Cdiv class=\u0022teaser-content--kicker\u0022\u003E\n                    \n        \u003C\/div\u003E\n                                              \n                        \n        \u003Ch4 class=\u0022teaser-content--headline\u0022\u003E\n                                Cannabis-Evaluation: Fachgesellschaften widersprechen positiver \n                              \u003Cspan class=\u0022headline-last-word-arrow\u0022\u003EBewertung                      \u003C\/span\u003E\n        \u003C\/h4\u003E\n            \u003Cdiv class=\u0022teaser-content--publishing-date\u0022\u003E\u003Ctime datetime=\u00222026-04-21T22:00:11Z\u0022\u003E22.04.2026\u003C\/time\u003E\n\u003C\/div\u003E\u003Cspan class=\u0022teaser-content--publishing-date-divider\u0022\u003E - \u003C\/span\u003E\u003Cdiv class=\u0022teaser-content--body\u0022\u003E\u003Cp\u003EExpertinnen und Experten aus Suchtforschung, Psychiatrie und Kinder- und Jugendpsychiatrie warnen: Der zweite EKOCAN-Zwischenbericht zeichnet ein zu positives Bild der Teillegalisierung. Riskante Entwicklungen wie die Zunahme problematischer Konsummuster werden nicht klar genug benannt. In einer gemeinsamen Stellungnahme fassen die drei medizinischen Fachgesellschaften DGPPN, DG-Sucht und DGKJP ihre Schlussfolgerungen aus den Daten zusammen und machen zudem deutlich, welchen Anforderungen eine evidenzbasierte Bewertung der Legalisierungs- bzw. Teillegalisierungspolitik gerecht werden muss.\u003C\/p\u003E\n\u003C\/div\u003E\n                        \u003Cspan class=\u0022read-more-arrow-container\u0022\u003E\n          \u003Cspan class=\u0022read-more-angled-arrow\u0022\u003E \u003C\/span\u003E\n        \u003C\/span\u003E\n                  \u003C\/div\u003E\n    \u003C\/a\u003E\n\u003Ca href=\u0022\/aus-der-rechtsprechung\/lsg-lsa-schussverletzung-keine-opferentschaedigung-fuer-angehoerigen-des\u0022  class=\u0022teaser teaser--standard-no-image\u0022 aria-label=\u0022(LSG LSA) Schussverletzung: keine Opferentsch\u00e4digung f\u00fcr Angeh\u00f6rigen des kriminellen Milieus \u0022\u003E\n      \u003Cdiv class=\u0022teaser-content\u0022\u003E\n                    \u003Cdiv class=\u0022teaser-content--kicker\u0022\u003E\n                    \n        \u003C\/div\u003E\n                                              \n                        \n        \u003Ch4 class=\u0022teaser-content--headline\u0022\u003E\n                                (LSG LSA) Schussverletzung: keine Opferentsch\u00e4digung f\u00fcr Angeh\u00f6rigen des kriminellen \n                              \u003Cspan class=\u0022headline-last-word-arrow\u0022\u003EMilieus                      \u003C\/span\u003E\n        \u003C\/h4\u003E\n            \u003Cdiv class=\u0022teaser-content--publishing-date\u0022\u003E\u003Ctime datetime=\u00222026-04-21T22:00:10Z\u0022\u003E22.04.2026\u003C\/time\u003E\n\u003C\/div\u003E\u003Cspan class=\u0022teaser-content--publishing-date-divider\u0022\u003E - \u003C\/span\u003E\u003Cdiv class=\u0022teaser-content--body\u0022\u003E\u003Cp\u003EWer als Angeh\u00f6riger des kriminellen Milieus bei einer Schl\u00e4gerei angeschossen wird, hat keinen Anspruch auf staatliche Opferentsch\u00e4digung. Das hat das Landessozialgericht (LSG) Sachsen-Anhalt in Halle entschieden.\u003C\/p\u003E\n\u003C\/div\u003E\n                        \u003Cspan class=\u0022read-more-arrow-container\u0022\u003E\n          \u003Cspan class=\u0022read-more-angled-arrow\u0022\u003E \u003C\/span\u003E\n        \u003C\/span\u003E\n                  \u003C\/div\u003E\n    \u003C\/a\u003E\n\u003Ca href=\u0022\/berichte-informationen\/darmkrebs-screening-keine-aussagekraeftige-evidenz-zur-anpassung-der\u0022  class=\u0022teaser teaser--standard-no-image\u0022 aria-label=\u0022Darmkrebs-Screening: Keine aussagekr\u00e4ftige Evidenz zur Anpassung der Altersgrenzen oder Koloskopie-Frequenz\u0022\u003E\n      \u003Cdiv class=\u0022teaser-content\u0022\u003E\n                    \u003Cdiv class=\u0022teaser-content--kicker\u0022\u003E\n                    \n        \u003C\/div\u003E\n                                              \n                        \n        \u003Ch4 class=\u0022teaser-content--headline\u0022\u003E\n                                Darmkrebs-Screening: Keine aussagekr\u00e4ftige Evidenz zur Anpassung der Altersgrenzen oder \n                              \u003Cspan class=\u0022headline-last-word-arrow\u0022\u003EKoloskopie-Frequenz                      \u003C\/span\u003E\n        \u003C\/h4\u003E\n            \u003Cdiv class=\u0022teaser-content--publishing-date\u0022\u003E\u003Ctime datetime=\u00222026-04-21T22:00:10Z\u0022\u003E22.04.2026\u003C\/time\u003E\n\u003C\/div\u003E\u003Cspan class=\u0022teaser-content--publishing-date-divider\u0022\u003E - \u003C\/span\u003E\u003Cdiv class=\u0022teaser-content--body\u0022\u003E\u003Cp\u003EMangels Evidenz kein Nutzen erkennbar f\u00fcr Personen ohne Krebsverdacht bzw. erh\u00f6htes Krebsrisiko. Eine Modellierung des IQWiG zeigt aber Optionen f\u00fcr G-BA-Entscheidungen auf.\u003C\/p\u003E\n\u003C\/div\u003E\n                        \u003Cspan class=\u0022read-more-arrow-container\u0022\u003E\n          \u003Cspan class=\u0022read-more-angled-arrow\u0022\u003E \u003C\/span\u003E\n        \u003C\/span\u003E\n                  \u003C\/div\u003E\n    \u003C\/a\u003E\n\u003Ca href=\u0022\/berichte-informationen\/komplexe-erkrankung-klare-forderungen-neues-positionspapier-zum-post-covid\u0022  class=\u0022teaser teaser--standard-no-image\u0022 aria-label=\u0022Komplexe Erkrankung, klare Forderungen: Neues Positionspapier zum Post-COVID-Syndrom\u0022\u003E\n      \u003Cdiv class=\u0022teaser-content\u0022\u003E\n                    \u003Cdiv class=\u0022teaser-content--kicker\u0022\u003E\n                    \n        \u003C\/div\u003E\n                                              \n                        \n        \u003Ch4 class=\u0022teaser-content--headline\u0022\u003E\n                                Komplexe Erkrankung, klare Forderungen: Neues Positionspapier zum \n                              \u003Cspan class=\u0022headline-last-word-arrow\u0022\u003EPost-COVID-Syndrom                      \u003C\/span\u003E\n        \u003C\/h4\u003E\n            \u003Cdiv class=\u0022teaser-content--publishing-date\u0022\u003E\u003Ctime datetime=\u00222026-04-21T22:00:10Z\u0022\u003E22.04.2026\u003C\/time\u003E\n\u003C\/div\u003E\u003Cspan class=\u0022teaser-content--publishing-date-divider\u0022\u003E - \u003C\/span\u003E\u003Cdiv class=\u0022teaser-content--body\u0022\u003E\u003Cp\u003EDie beiden gr\u00f6\u00dften deutschen medizinischen Fachgesellschaften auf dem Gebiet der psychischen Gesundheit haben ein Positionspapier zum Post-COVID-Syndrom (PCS) ver\u00f6ffentlicht. Mit dem Papier nehmen die Deutsche Gesellschaft f\u00fcr Psychiatrie und Psychotherapie, Psychosomatik und Nervenheilkunde (DGPPN) und die Deutsche Gesellschaft f\u00fcr Psychosomatische Medizin und \u00c4rztliche Psychotherapie (DGPM) eine fachspezifische Einordnung der Erkrankung vor, formulieren Empfehlungen f\u00fcr die Versorgung und richten klare Forderungen an Politik und die Selbstverwaltung im Gesundheitssystem. Das Ziel ist es, die Situation von Betroffenen nachhaltig zu verbessern.\u003C\/p\u003E\n\u003C\/div\u003E\n                        \u003Cspan class=\u0022read-more-arrow-container\u0022\u003E\n          \u003Cspan class=\u0022read-more-angled-arrow\u0022\u003E \u003C\/span\u003E\n        \u003C\/span\u003E\n                  \u003C\/div\u003E\n    \u003C\/a\u003E\n\u003Ca href=\u0022\/berichte-informationen\/auskunftsanspruch-gegen-gerichtlichen-sachverstaendigen\u0022  class=\u0022teaser teaser--standard-no-image\u0022 aria-label=\u0022Auskunftsanspruch gegen gerichtlichen Sachverst\u00e4ndigen\u0022\u003E\n      \u003Cdiv class=\u0022teaser-content\u0022\u003E\n                    \u003Cdiv class=\u0022teaser-content--kicker\u0022\u003E\n                    \n        \u003C\/div\u003E\n                                              \n                        \n        \u003Ch4 class=\u0022teaser-content--headline\u0022\u003E\n                                Auskunftsanspruch gegen gerichtlichen \n                              \u003Cspan class=\u0022headline-last-word-arrow\u0022\u003ESachverst\u00e4ndigen                      \u003C\/span\u003E\n        \u003C\/h4\u003E\n            \u003Cdiv class=\u0022teaser-content--publishing-date\u0022\u003E\u003Ctime datetime=\u00222026-04-21T22:00:10Z\u0022\u003E22.04.2026\u003C\/time\u003E\n\u003C\/div\u003E\u003Cspan class=\u0022teaser-content--publishing-date-divider\u0022\u003E - \u003C\/span\u003E\u003Cdiv class=\u0022teaser-content--body\u0022\u003E\u003Cp\u003EGutachter muss unfertiges Gutachten herausgeben: Auskunftsanspruch nach Art.\u0026nbsp;15 Datenschutz-Grundverordnung gegen gerichtlichen Sachverst\u00e4ndigen geht m\u00f6glichen Anspr\u00fcchen nach ZPO, JVEG oder Urheberrecht \u0026nbsp;vor.\u003C\/p\u003E\n\u003C\/div\u003E\n                        \u003Cspan class=\u0022read-more-arrow-container\u0022\u003E\n          \u003Cspan class=\u0022read-more-angled-arrow\u0022\u003E \u003C\/span\u003E\n        \u003C\/span\u003E\n                  \u003C\/div\u003E\n    \u003C\/a\u003E\n\u003Ca href=\u0022\/berichte-informationen\/zweiter-neuer-alzheimer-wirkstoff-ebenfalls-ohne-belegten-zusatznutzen\u0022  class=\u0022teaser teaser--standard-no-image\u0022 aria-label=\u0022Zweiter neuer Alzheimer-Wirkstoff ebenfalls ohne belegten Zusatznutzen \u2013 Bewertungsergebnis des G-BA ist Basis f\u00fcr Preisverhandlung\u0022\u003E\n      \u003Cdiv class=\u0022teaser-content\u0022\u003E\n                    \u003Cdiv class=\u0022teaser-content--kicker\u0022\u003E\n                    \n        \u003C\/div\u003E\n                                              \n                        \n        \u003Ch4 class=\u0022teaser-content--headline\u0022\u003E\n                                Zweiter neuer Alzheimer-Wirkstoff ebenfalls ohne belegten Zusatznutzen \u2013 Bewertungsergebnis des G-BA ist Basis f\u00fcr \n                              \u003Cspan class=\u0022headline-last-word-arrow\u0022\u003EPreisverhandlung                      \u003C\/span\u003E\n        \u003C\/h4\u003E\n            \u003Cdiv class=\u0022teaser-content--publishing-date\u0022\u003E\u003Ctime datetime=\u00222026-04-21T22:00:09Z\u0022\u003E22.04.2026\u003C\/time\u003E\n\u003C\/div\u003E\u003Cspan class=\u0022teaser-content--publishing-date-divider\u0022\u003E - \u003C\/span\u003E\u003Cdiv class=\u0022teaser-content--body\u0022\u003E\u003Cp\u003EAuch f\u00fcr den zweiten neuen Wirkstoff zur Behandlung der fr\u00fchen Alzheimer-Erkrankung hat der Gemeinsame Bundesausschuss (G-BA) keinen Zusatznutzen im Vergleich zum bisherigen Therapiestandard feststellen k\u00f6nnen. Basis des Ergebnisses sind die vom Hersteller vorgelegten Studiendaten. Der Wirkstoff Donanemab richtet sich \u2013 ebenso wie der k\u00fcrzlich bewertete Wirkstoff Lecanemab \u2013 gegen eine m\u00f6gliche Ursache der Erkrankung, n\u00e4mlich Eiwei\u00dfablagerungen im Gehirn.\u003C\/p\u003E\n\u003C\/div\u003E\n                        \u003Cspan class=\u0022read-more-arrow-container\u0022\u003E\n          \u003Cspan class=\u0022read-more-angled-arrow\u0022\u003E \u003C\/span\u003E\n        \u003C\/span\u003E\n                  \u003C\/div\u003E\n    \u003C\/a\u003E\n\u003Ca href=\u0022\/berichte-informationen\/methodische-kritik-dgppn-stellt-g-ba-bewertung-von-donanemab-infrage\u0022  class=\u0022teaser teaser--standard-no-image\u0022 aria-label=\u0022Methodische Kritik: DGPPN stellt G-BA-Bewertung von Donanemab infrage\u0022\u003E\n      \u003Cdiv class=\u0022teaser-content\u0022\u003E\n                    \u003Cdiv class=\u0022teaser-content--kicker\u0022\u003E\n                    \n        \u003C\/div\u003E\n                                              \n                        \n        \u003Ch4 class=\u0022teaser-content--headline\u0022\u003E\n                                Methodische Kritik: DGPPN stellt G-BA-Bewertung von Donanemab \n                              \u003Cspan class=\u0022headline-last-word-arrow\u0022\u003Einfrage                      \u003C\/span\u003E\n        \u003C\/h4\u003E\n            \u003Cdiv class=\u0022teaser-content--publishing-date\u0022\u003E\u003Ctime datetime=\u00222026-04-21T22:00:09Z\u0022\u003E22.04.2026\u003C\/time\u003E\n\u003C\/div\u003E\u003Cspan class=\u0022teaser-content--publishing-date-divider\u0022\u003E - \u003C\/span\u003E\u003Cdiv class=\u0022teaser-content--body\u0022\u003E\u003Cp\u003EDie DGPPN h\u00e4lt die Entscheidung des Gemeinsamen Bundesausschusses (G-BA), dass ein Zusatznutzen des Alzheimer-Antik\u00f6rpers Donanemab nicht nachzuweisen sei, f\u00fcr falsch und nicht im Sinne der Betroffenen. Die Fachgesellschaft kritisiert das methodische Vorgehen im Vorfeld des Beschlusses und bef\u00fcrchtet eine Versorgungsl\u00fccke.\u003C\/p\u003E\n\u003C\/div\u003E\n                        \u003Cspan class=\u0022read-more-arrow-container\u0022\u003E\n          \u003Cspan class=\u0022read-more-angled-arrow\u0022\u003E \u003C\/span\u003E\n        \u003C\/span\u003E\n                  \u003C\/div\u003E\n    \u003C\/a\u003E\n\u003Ca href=\u0022\/aus-der-rechtsprechung\/pflegeversicherung-urspruenliche-angaben-massgeblich\u0022  class=\u0022teaser teaser--standard-no-image\u0022 aria-label=\u0022Pflegeversicherung \u2013 urspr\u00fcnliche Angaben ma\u00dfgeblich\u0022\u003E\n      \u003Cdiv class=\u0022teaser-content\u0022\u003E\n                    \u003Cdiv class=\u0022teaser-content--kicker\u0022\u003E\n                    \n        \u003C\/div\u003E\n                                              \n                        \n        \u003Ch4 class=\u0022teaser-content--headline\u0022\u003E\n                                Pflegeversicherung \u2013 urspr\u00fcnliche Angaben \n                              \u003Cspan class=\u0022headline-last-word-arrow\u0022\u003Ema\u00dfgeblich                      \u003C\/span\u003E\n        \u003C\/h4\u003E\n            \u003Cdiv class=\u0022teaser-content--publishing-date\u0022\u003E\u003Ctime datetime=\u00222026-04-21T22:00:09Z\u0022\u003E22.04.2026\u003C\/time\u003E\n\u003C\/div\u003E\u003Cspan class=\u0022teaser-content--publishing-date-divider\u0022\u003E - \u003C\/span\u003E\u003Cdiv class=\u0022teaser-content--body\u0022\u003E\u003Cp\u003EArt und Umfang von Leistungen der Pflegeversicherung bestimmen sich nach dem Pflegegrad. Dieser wird grunds\u00e4tzlich nach Begutachtung der Betroffenen im h\u00e4uslichen Wohnbereich festgesetzt.\u003C\/p\u003E\n\u003C\/div\u003E\n                        \u003Cspan class=\u0022read-more-arrow-container\u0022\u003E\n          \u003Cspan class=\u0022read-more-angled-arrow\u0022\u003E \u003C\/span\u003E\n        \u003C\/span\u003E\n                  \u003C\/div\u003E\n    \u003C\/a\u003E\n\u003Ca href=\u0022\/berichte-informationen\/long-post-covid-vier-wirkstoffe-werden-im-label-use-verordnungsfaehig\u0022  class=\u0022teaser teaser--standard-no-image\u0022 aria-label=\u0022Long\/Post-COVID: Vier Wirkstoffe werden im Off-Label-Use verordnungsf\u00e4hig\u0022\u003E\n      \u003Cdiv class=\u0022teaser-content\u0022\u003E\n                    \u003Cdiv class=\u0022teaser-content--kicker\u0022\u003E\n                    \n        \u003C\/div\u003E\n                                              \n                        \n        \u003Ch4 class=\u0022teaser-content--headline\u0022\u003E\n                                Long\/Post-COVID: Vier Wirkstoffe werden im Off-Label-Use \n                              \u003Cspan class=\u0022headline-last-word-arrow\u0022\u003Everordnungsf\u00e4hig                      \u003C\/span\u003E\n        \u003C\/h4\u003E\n            \u003Cdiv class=\u0022teaser-content--publishing-date\u0022\u003E\u003Ctime datetime=\u00222026-04-21T22:00:09Z\u0022\u003E22.04.2026\u003C\/time\u003E\n\u003C\/div\u003E\u003Cspan class=\u0022teaser-content--publishing-date-divider\u0022\u003E - \u003C\/span\u003E\u003Cdiv class=\u0022teaser-content--body\u0022\u003E\u003Cp\u003EGesetzlich Versicherte mit Long\/Post-COVID k\u00f6nnen k\u00fcnftig mit bestimmten Arzneimitteln im sogenannten Off-Label-Use behandelt werden. Off-Label-Use bedeutet, dass die Arzneimittel au\u00dferhalb ihrer zugelassenen Anwendungsgebiete eingesetzt werden. Der Gemeinsame Bundesausschuss (G-BA) hat die Voraussetzungen f\u00fcr die Verordnungsf\u00e4higkeit von vier Wirkstoffen durch eine Erg\u00e4nzung der Arzneimittel-Richtlinie geregelt. Bei einem der Wirkstoffe bezieht sich die Off-Label-Indikation nicht nur auf Long\/Post-COVID, sondern zus\u00e4tzlich auf die postinfekti\u00f6se Myalgische Enzephalomyelitis\/das Chronische Fatigue-Syndrom (ME\/CFS). Die Behandlungsoptionen sind nach Inkrafttreten der heute gefassten Beschl\u00fcsse Bestandteil der vertrags\u00e4rztlichen Versorgung.\u003C\/p\u003E\n\u003C\/div\u003E\n                        \u003Cspan class=\u0022read-more-arrow-container\u0022\u003E\n          \u003Cspan class=\u0022read-more-angled-arrow\u0022\u003E \u003C\/span\u003E\n        \u003C\/span\u003E\n                  \u003C\/div\u003E\n    \u003C\/a\u003E\n\u003Ca href=\u0022\/berichte-informationen\/zunehmende-bedeutung-der-genetik-der-onkologie\u0022  class=\u0022teaser teaser--standard-no-image\u0022 aria-label=\u0022Zunehmende Bedeutung der Genetik in der Onkologie\u0022\u003E\n      \u003Cdiv class=\u0022teaser-content\u0022\u003E\n                    \u003Cdiv class=\u0022teaser-content--kicker\u0022\u003E\n                    \n        \u003C\/div\u003E\n                                              \n                        \n        \u003Ch4 class=\u0022teaser-content--headline\u0022\u003E\n                                Zunehmende Bedeutung der Genetik in der \n                              \u003Cspan class=\u0022headline-last-word-arrow\u0022\u003EOnkologie                      \u003C\/span\u003E\n        \u003C\/h4\u003E\n            \u003Cdiv class=\u0022teaser-content--publishing-date\u0022\u003E\u003Ctime datetime=\u00222026-04-21T22:00:08Z\u0022\u003E22.04.2026\u003C\/time\u003E\n\u003C\/div\u003E\u003Cspan class=\u0022teaser-content--publishing-date-divider\u0022\u003E - \u003C\/span\u003E\u003Cdiv class=\u0022teaser-content--body\u0022\u003E\u003Cp\u003EDie Genetik hat einen zunehmenden Einfluss auf Behandlungen in der Onkologie, erkl\u00e4rte die Deutschen Gesellschaft f\u00fcr Innere Medizin e. V. (DGIM) anl\u00e4sslich des 132. Internistenkongresses vom 18. bis 21. April 2026 in Wiesbaden.\u003C\/p\u003E\n\u003C\/div\u003E\n                        \u003Cspan class=\u0022read-more-arrow-container\u0022\u003E\n          \u003Cspan class=\u0022read-more-angled-arrow\u0022\u003E \u003C\/span\u003E\n        \u003C\/span\u003E\n                  \u003C\/div\u003E\n    \u003C\/a\u003E\n\u003Ca href=\u0022\/berichte-informationen\/positionspapier-von-dgppn-und-dgpm-zum-post-covid-syndrom\u0022  class=\u0022teaser teaser--standard-no-image\u0022 aria-label=\u0022Positionspapier von DGPPN und DGPM zum Post-COVID-Syndrom\u0022\u003E\n      \u003Cdiv class=\u0022teaser-content\u0022\u003E\n                    \u003Cdiv class=\u0022teaser-content--kicker\u0022\u003E\n                    \n        \u003C\/div\u003E\n                                              \n                        \n        \u003Ch4 class=\u0022teaser-content--headline\u0022\u003E\n                                Positionspapier von DGPPN und DGPM zum \n                              \u003Cspan class=\u0022headline-last-word-arrow\u0022\u003EPost-COVID-Syndrom                      \u003C\/span\u003E\n        \u003C\/h4\u003E\n            \u003Cdiv class=\u0022teaser-content--publishing-date\u0022\u003E\u003Ctime datetime=\u00222026-04-21T22:00:08Z\u0022\u003E22.04.2026\u003C\/time\u003E\n\u003C\/div\u003E\u003Cspan class=\u0022teaser-content--publishing-date-divider\u0022\u003E - \u003C\/span\u003E\u003Cdiv class=\u0022teaser-content--body\u0022\u003E\u003Cp\u003EDas Post-COVID-Syndrom (PCS) ist eine schwerwiegende Erkrankung, die eine differenzierte Diagnostik, eine multiprofessionelle Versorgung und eine kompetente Begutachtung erfordert, erkl\u00e4ren die Deutsche Gesellschaft f\u00fcr Psychiatrie und Psychotherapie, Psychosomatik und Nervenheilkunde (DGPPN) und die Deutsche Gesellschaft f\u00fcr Psychosomatische Medizin und \u00c4rztliche Psychotherapie (DGPM) in einem am 14. April 2026 ver\u00f6ffentlichten gemeinsamen Positionspapier.\u003C\/p\u003E\n\u003C\/div\u003E\n                        \u003Cspan class=\u0022read-more-arrow-container\u0022\u003E\n          \u003Cspan class=\u0022read-more-angled-arrow\u0022\u003E \u003C\/span\u003E\n        \u003C\/span\u003E\n                  \u003C\/div\u003E\n    \u003C\/a\u003E\n\u003Ca href=\u0022\/berichte-informationen\/neue-leitlinie-stationaere-interdisziplinaere-multimodale-schmerztherapie\u0022  class=\u0022teaser teaser--standard-no-image\u0022 aria-label=\u0022Neue Leitlinie \u201eStation\u00e4re Interdisziplin\u00e4re Multimodale Schmerztherapie (IMST) bei Kindern und Jugendlichen\u201c\u0022\u003E\n      \u003Cdiv class=\u0022teaser-content\u0022\u003E\n                    \u003Cdiv class=\u0022teaser-content--kicker\u0022\u003E\n                    \n        \u003C\/div\u003E\n                                              \n                        \n        \u003Ch4 class=\u0022teaser-content--headline\u0022\u003E\n                                Neue Leitlinie \u201eStation\u00e4re Interdisziplin\u00e4re Multimodale Schmerztherapie (IMST) bei Kindern und \n                              \u003Cspan class=\u0022headline-last-word-arrow\u0022\u003EJugendlichen\u201c                      \u003C\/span\u003E\n        \u003C\/h4\u003E\n            \u003Cdiv class=\u0022teaser-content--publishing-date\u0022\u003E\u003Ctime datetime=\u00222026-04-21T22:00:08Z\u0022\u003E22.04.2026\u003C\/time\u003E\n\u003C\/div\u003E\u003Cspan class=\u0022teaser-content--publishing-date-divider\u0022\u003E - \u003C\/span\u003E\u003Cdiv class=\u0022teaser-content--body\u0022\u003E\u003Cp\u003EEine station\u00e4re IMST ist auch bei Kindern und Jugendlichen mit schweren chronischen Schmerzen eine international etablierte Behandlungsmethode, erkl\u00e4ren die Autoren der neuen S2k-Leitlinie \u201eStation\u00e4re Interdisziplin\u00e4re Multimodale Schmerztherapie (IMST) bei Kindern und Jugendlichen\u201c (AWMF-Registernummer 145-006; Stand: 24.2.2026), federf\u00fchrend erstellt von der Deutschen Schmerzgesellschaft.\u003C\/p\u003E\n\u003C\/div\u003E\n                        \u003Cspan class=\u0022read-more-arrow-container\u0022\u003E\n          \u003Cspan class=\u0022read-more-angled-arrow\u0022\u003E \u003C\/span\u003E\n        \u003C\/span\u003E\n                  \u003C\/div\u003E\n    \u003C\/a\u003E\n\u003Ca href=\u0022\/berichte-informationen\/richtlinie-zu-kontrollen-des-medizinischen-dienstes-krankenhaeusern-g-ba\u0022  class=\u0022teaser teaser--standard-no-image\u0022 aria-label=\u0022Richtlinie zu Kontrollen des Medizinischen Dienstes in Krankenh\u00e4usern: G-BA nimmt weitere Anpassungen an das KHVVG vor\u0022\u003E\n      \u003Cdiv class=\u0022teaser-content\u0022\u003E\n                    \u003Cdiv class=\u0022teaser-content--kicker\u0022\u003E\n                    \n        \u003C\/div\u003E\n                                              \n                        \n        \u003Ch4 class=\u0022teaser-content--headline\u0022\u003E\n                                Richtlinie zu Kontrollen des Medizinischen Dienstes in Krankenh\u00e4usern: G-BA nimmt weitere Anpassungen an das KHVVG \n                              \u003Cspan class=\u0022headline-last-word-arrow\u0022\u003Evor                      \u003C\/span\u003E\n        \u003C\/h4\u003E\n            \u003Cdiv class=\u0022teaser-content--publishing-date\u0022\u003E\u003Ctime datetime=\u00222026-04-21T22:00:08Z\u0022\u003E22.04.2026\u003C\/time\u003E\n\u003C\/div\u003E\u003Cspan class=\u0022teaser-content--publishing-date-divider\u0022\u003E - \u003C\/span\u003E\u003Cdiv class=\u0022teaser-content--body\u0022\u003E\u003Cp\u003EDer Gemeinsame Bundesausschuss (G-BA) hat die Richtlinienbestimmungen f\u00fcr Pr\u00fcfungen des Medizinischen Dienstes (MD) bez\u00fcglich der Einhaltung von Qualit\u00e4tsanforderungen und der Richtigkeit von Dokumentationen an die neuen gesetzlichen Vorgaben des Krankenhausversorgungsverbesserungsgesetzes (KHVVG) angepasst.\u003C\/p\u003E\n\u003C\/div\u003E\n                        \u003Cspan class=\u0022read-more-arrow-container\u0022\u003E\n          \u003Cspan class=\u0022read-more-angled-arrow\u0022\u003E \u003C\/span\u003E\n        \u003C\/span\u003E\n                  \u003C\/div\u003E\n    \u003C\/a\u003E\n\u003Ca href=\u0022\/berichte-informationen\/fremdkoerper-ingestionen-als-haeufige-paediatrische-notfaelle\u0022  class=\u0022teaser teaser--standard-no-image\u0022 aria-label=\u0022Fremdk\u00f6rper-Ingestionen als h\u00e4ufige p\u00e4diatrische Notf\u00e4lle\u0022\u003E\n      \u003Cdiv class=\u0022teaser-content\u0022\u003E\n                    \u003Cdiv class=\u0022teaser-content--kicker\u0022\u003E\n                    \n        \u003C\/div\u003E\n                                              \n                        \n        \u003Ch4 class=\u0022teaser-content--headline\u0022\u003E\n                                Fremdk\u00f6rper-Ingestionen als h\u00e4ufige p\u00e4diatrische \n                              \u003Cspan class=\u0022headline-last-word-arrow\u0022\u003ENotf\u00e4lle                      \u003C\/span\u003E\n        \u003C\/h4\u003E\n            \u003Cdiv class=\u0022teaser-content--publishing-date\u0022\u003E\u003Ctime datetime=\u00222026-04-21T22:00:07Z\u0022\u003E22.04.2026\u003C\/time\u003E\n\u003C\/div\u003E\u003Cspan class=\u0022teaser-content--publishing-date-divider\u0022\u003E - \u003C\/span\u003E\u003Cdiv class=\u0022teaser-content--body\u0022\u003E\u003Cp\u003E\u00dcber Fremdk\u00f6rper-Ingestionen als h\u00e4ufige akute p\u00e4diatrische Notf\u00e4lle in Praxis und Klinik berichtete Kai O. Hensel, Direktor des Zentrums f\u00fcr Kinder- und Jugendmedizin am Helios Universit\u00e4tsklinikum Wuppertal, auf dem 19. P\u00e4diatrie-Update-Seminar am 17. und 18. April 2026 in Mainz.\u003C\/p\u003E\n\u003C\/div\u003E\n                        \u003Cspan class=\u0022read-more-arrow-container\u0022\u003E\n          \u003Cspan class=\u0022read-more-angled-arrow\u0022\u003E \u003C\/span\u003E\n        \u003C\/span\u003E\n                  \u003C\/div\u003E\n    \u003C\/a\u003E\n\u003Ca href=\u0022\/berichte-informationen\/meningitis-und-sepsis-im-kindesalter-weiter-hochbedrohlich\u0022  class=\u0022teaser teaser--standard-no-image\u0022 aria-label=\u0022Meningitis und Sepsis im Kindesalter weiter hochbedrohlich\u0022\u003E\n      \u003Cdiv class=\u0022teaser-content\u0022\u003E\n                    \u003Cdiv class=\u0022teaser-content--kicker\u0022\u003E\n                    \n        \u003C\/div\u003E\n                                              \n                        \n        \u003Ch4 class=\u0022teaser-content--headline\u0022\u003E\n                                Meningitis und Sepsis im Kindesalter weiter \n                              \u003Cspan class=\u0022headline-last-word-arrow\u0022\u003Ehochbedrohlich                      \u003C\/span\u003E\n        \u003C\/h4\u003E\n            \u003Cdiv class=\u0022teaser-content--publishing-date\u0022\u003E\u003Ctime datetime=\u00222026-04-21T22:00:07Z\u0022\u003E22.04.2026\u003C\/time\u003E\n\u003C\/div\u003E\u003Cspan class=\u0022teaser-content--publishing-date-divider\u0022\u003E - \u003C\/span\u003E\u003Cdiv class=\u0022teaser-content--body\u0022\u003E\u003Cp\u003EMeningitis und Sepsis im Kindesalter bleiben hochbedrohliche Krankheitsbilder, erkl\u00e4rte Reinhard Berner, Direktor der Klinik und Poliklinik f\u00fcr Kinder- und Jugendmedizin am Universit\u00e4tsklinikum in Dresden, auf dem 19. P\u00e4diatrie-Update-Seminar am 17. und 18. April 2026 in Mainz.\u003C\/p\u003E\n\u003C\/div\u003E\n                        \u003Cspan class=\u0022read-more-arrow-container\u0022\u003E\n          \u003Cspan class=\u0022read-more-angled-arrow\u0022\u003E \u003C\/span\u003E\n        \u003C\/span\u003E\n                  \u003C\/div\u003E\n    \u003C\/a\u003E\n\u003Ca href=\u0022\/berichte-informationen\/intranasales-adrenalin-zur-therapie-der-anaphylaxie\u0022  class=\u0022teaser teaser--standard-no-image\u0022 aria-label=\u0022Intranasales Adrenalin zur Therapie der Anaphylaxie\u0022\u003E\n      \u003Cdiv class=\u0022teaser-content\u0022\u003E\n                    \u003Cdiv class=\u0022teaser-content--kicker\u0022\u003E\n                    \n        \u003C\/div\u003E\n                                              \n                        \n        \u003Ch4 class=\u0022teaser-content--headline\u0022\u003E\n                                Intranasales Adrenalin zur Therapie der \n                              \u003Cspan class=\u0022headline-last-word-arrow\u0022\u003EAnaphylaxie                      \u003C\/span\u003E\n        \u003C\/h4\u003E\n            \u003Cdiv class=\u0022teaser-content--publishing-date\u0022\u003E\u003Ctime datetime=\u00222026-04-21T22:00:07Z\u0022\u003E22.04.2026\u003C\/time\u003E\n\u003C\/div\u003E\u003Cspan class=\u0022teaser-content--publishing-date-divider\u0022\u003E - \u003C\/span\u003E\u003Cdiv class=\u0022teaser-content--body\u0022\u003E\u003Cp\u003EDie fr\u00fchzeitige Gabe von Adrenalin bleibt der wichtigste therapeutische Schritt im Management der Anaphylaxie, berichtete Matthias Kopp, Klinikdirektor und Chefarzt der Universit\u00e4tsklinik f\u00fcr Kinderheilkunde am Inselspital der Universit\u00e4t Bern (Schweiz) auf dem 19. P\u00e4diatrie-Update-Seminar am 17. und 18. April 2026 in Mainz.\u003C\/p\u003E\n\u003C\/div\u003E\n                        \u003Cspan class=\u0022read-more-arrow-container\u0022\u003E\n          \u003Cspan class=\u0022read-more-angled-arrow\u0022\u003E \u003C\/span\u003E\n        \u003C\/span\u003E\n                  \u003C\/div\u003E\n    \u003C\/a\u003E\n","entity_type":"node","used_ids":["",254783,254782,254781,257396,257593,257590,257538,257465,257692,257687,257594,256903,257748,257747,257746,257711,257754,257753,257752],"show_more":"\u003Cdiv class=\u0022del-show-more\u0022\u003E\u003Ca href=\u0022\/ajax\/del\/a3ff3288-a341-4029-be7b-2b768a9f3be9\/paragraph\/20\/19\/asc\/eyJub2RlIjp7ImlkIjoiMjQxMTkiLCJ0eXBlIjoicGFnZSJ9fQ%3D%3D\u0022 title=\u0022Mehr Elemente anzeigen\u0022 class=\u0022del-show-more-link use-ajax\u0022 rel=\u0022nofollow\u0022 data-target-type=\u0022node\u0022 aria-controls=\u0022del--paragraph-567639--content\u0022 aria-label=\u0022Mehr Elemente anzeigen\u0022\u003EMehr anzeigen\u003C\/a\u003E\u003C\/div\u003E\n"}]